{"id":58,"global_id":"eschringen.de\/wordpress?id=58","global_id_lineage":["eschringen.de\/wordpress?id=58"],"author":"1","status":"publish","date":"2017-01-29 19:58:48","date_utc":"2017-01-29 18:58:48","modified":"2017-02-24 11:22:26","modified_utc":"2017-02-24 10:22:26","url":"https:\/\/eschringen.de\/wordpress\/event\/jahreshauptversammlung\/","rest_url":"https:\/\/eschringen.de\/wordpress\/wp-json\/tribe\/events\/v1\/events\/58","title":"Jahreshauptversammlung","description":"<p>F\u00fcr Donnerstag, den 14. M\u00e4rz 2017, l\u00e4dt die AG Eschringer Vereine e. V. die Vertreterinnen und Vertreter der Mitgliedsvereine und -organisationen zur Jahreshauptversammlung in das Dorfgemeinschaftshaus ein. Beginn ist 19 Uhr. Auf der Tagesordnung stehen u. a. die weitere Nutzung des Festplatzes und die Termingestaltung f\u00fcr 2017.<\/p>","excerpt":"","slug":"jahreshauptversammlung","image":{"url":"https:\/\/i0.wp.com\/eschringen.de\/wordpress\/wp-content\/uploads\/2017\/01\/ag-logo.jpg?fit=50%2C50&ssl=1","id":77,"extension":"jpg","width":50,"height":50},"all_day":false,"start_date":"2017-03-14 19:00:00","start_date_details":{"year":"2017","month":"03","day":"14","hour":"19","minutes":"00","seconds":"00"},"end_date":"2017-03-14 21:00:00","end_date_details":{"year":"2017","month":"03","day":"14","hour":"21","minutes":"00","seconds":"00"},"utc_start_date":"2017-03-14 18:00:00","utc_start_date_details":{"year":"2017","month":"03","day":"14","hour":"18","minutes":"00","seconds":"00"},"utc_end_date":"2017-03-14 20:00:00","utc_end_date_details":{"year":"2017","month":"03","day":"14","hour":"20","minutes":"00","seconds":"00"},"timezone":"Europe\/Berlin","timezone_abbr":"CET","cost":"","cost_details":{"currency_symbol":"","currency_code":"","currency_position":"prefix","values":[]},"website":"","show_map":false,"show_map_link":true,"hide_from_listings":false,"sticky":false,"featured":false,"categories":[],"tags":[],"venue":{"id":60,"author":"1","status":"publish","date":"2017-01-29 19:58:49","date_utc":"2017-01-29 18:58:49","modified":"2025-01-13 16:25:21","modified_utc":"2025-01-13 15:25:21","url":"https:\/\/eschringen.de\/wordpress\/veranstaltungsort\/dorfgemeinschaftshaus\/","venue":"Dorfgemeinschaftshaus","slug":"dorfgemeinschaftshaus","address":"Andreas-Kremp-Str. 31","city":"Eschringen","zip":"66130","json_ld":{"@type":"Place","name":"Dorfgemeinschaftshaus","description":"","url":"","address":{"@type":"PostalAddress","streetAddress":"Andreas-Kremp-Str. 31","addressLocality":"Eschringen","postalCode":"66130"},"telephone":"","sameAs":""},"show_map":false,"show_map_link":true,"global_id":"eschringen.de\/wordpress?id=60","global_id_lineage":["eschringen.de\/wordpress?id=60"]},"organizer":[{"id":65,"author":"1","status":"publish","date":"2017-01-29 20:10:32","date_utc":"2017-01-29 19:10:32","modified":"2017-01-29 23:50:04","modified_utc":"2017-01-29 22:50:04","url":"https:\/\/eschringen.de\/wordpress\/veranstalter\/arbeitsgemeinschaft\/","organizer":"Arbeitsgemeinschaft Eschringer Vereine e.V.","slug":"arbeitsgemeinschaft","json_ld":{"@type":"Person","name":"Arbeitsgemeinschaft Eschringer Vereine e.V.","description":"","url":"","telephone":"","email":"","sameAs":""},"global_id":"eschringen.de\/wordpress?id=65","global_id_lineage":["eschringen.de\/wordpress?id=65"]}],"custom_fields":[],"json_ld":{"@context":"http:\/\/schema.org","@type":"Event","name":"Jahreshauptversammlung","description":"&lt;p&gt;F\u00fcr Donnerstag, den 14. M\u00e4rz 2017, l\u00e4dt die AG Eschringer Vereine e. V. die Vertreterinnen und Vertreter der Mitgliedsvereine und -organisationen zur Jahreshauptversammlung in das Dorfgemeinschaftshaus ein. Beginn ist 19 Uhr. Auf der Tagesordnung stehen u. a. die weitere Nutzung des Festplatzes und die Termingestaltung f\u00fcr 2017.&lt;\/p&gt;\\n","image":"https:\/\/eschringen.de\/wordpress\/wp-content\/uploads\/2017\/01\/ag-logo.jpg","url":"https:\/\/eschringen.de\/wordpress\/event\/jahreshauptversammlung\/","eventAttendanceMode":"https:\/\/schema.org\/OfflineEventAttendanceMode","eventStatus":"https:\/\/schema.org\/EventScheduled","startDate":"2017-03-14T19:00:00+01:00","endDate":"2017-03-14T21:00:00+01:00","location":{"@type":"Place","name":"Dorfgemeinschaftshaus","description":"","url":"","address":{"@type":"PostalAddress","streetAddress":"Andreas-Kremp-Str. 31","addressLocality":"Eschringen","postalCode":"66130"},"telephone":"","sameAs":""},"organizer":{"@type":"Person","name":"Arbeitsgemeinschaft Eschringer Vereine e.V.","description":"","url":"","telephone":"","email":"","sameAs":""},"performer":"Organization"}}